{"id":7250,"date":"2026-09-01T14:46:21","date_gmt":"2026-09-01T14:46:21","guid":{"rendered":"https:\/\/www.catolicosporlafe.com\/wp\/2026\/09\/01\/pandilla-ataca-iglesia-y-mata-a-decenas-de-personas-en-haiti\/"},"modified":"2026-09-01T14:46:21","modified_gmt":"2026-09-01T14:46:21","slug":"pandilla-ataca-iglesia-y-mata-a-decenas-de-personas-en-haiti","status":"publish","type":"post","link":"https:\/\/www.catolicosporlafe.com\/wp\/2026\/09\/01\/pandilla-ataca-iglesia-y-mata-a-decenas-de-personas-en-haiti\/","title":{"rendered":"Pandilla ataca iglesia y mata a decenas de personas en Hait\u00ed"},"content":{"rendered":"<p><em>Bella Agnello<\/em><\/p>\n<p>(ZENIT Noticias \u2013\u00a0<a href=\"https:\/\/persecution.org\/\" data-saferedirecturl=\"https:\/\/www.google.com\/url?hl=es&amp;q=https:\/\/persecution.org\/&amp;source=gmail&amp;ust=1788533178918000&amp;usg=AOvVaw1QfOnGhgKkGh-P81wDoFis\">Persecution.org<\/a>\u00a0\/ Puerto Pr\u00edncipe, 01.09.2026).- Entre el 23 y el 24 de agosto, m\u00e1s de 50 personas fueron secuestradas y 47 murieron en un ataque en la comuna de Kenscoff, en Hait\u00ed.<\/p>\n<p>Desde las 22:30 hasta la ma\u00f1ana siguiente, la banda de Viv Ansam aterroriz\u00f3 a la comunidad, secuestrando personas e incendiando animales y viviendas. Su principal objetivo era el Arca del Nuevo Testamento de la iglesia evang\u00e9lica.<\/p>\n<p>Decenas de familias desplazadas por la violencia que azota Puerto Pr\u00edncipe, la capital, se refugiaban en el centro de oraci\u00f3n de la iglesia. Seg\u00fan un\u00a0<a href=\"https:\/\/www.un.org\/sg\/en\/content\/sg\/statements\/2026-08-25\/statement-attributable-the-spokesperson-for-the-secretary-general-haiti\" data-saferedirecturl=\"https:\/\/www.google.com\/url?hl=es&amp;q=https:\/\/www.un.org\/sg\/en\/content\/sg\/statements\/2026-08-25\/statement-attributable-the-spokesperson-for-the-secretary-general-haiti&amp;source=gmail&amp;ust=1788533178918000&amp;usg=AOvVaw1MFRI7nWPfGFpHDVSfDOla\">comunicado<\/a>\u00a0del secretario general, al menos 22 personas fueron ejecutadas dentro de los muros del templo.<\/p>\n<p>\u00abEl gobierno haitiano expresa sus m\u00e1s sentidas condolencias a las familias afectadas y a todas las v\u00edctimas del atroz ataque criminal perpetrado en Kenscoff\u00bb, declararon las autoridades haitianas en un\u00a0<a href=\"https:\/\/www.facebook.com\/PrimatureHaiti\/posts\/pfbid02xPaqcqxSTKNnF62HGQ96kDewqgwQpFp5eEpdNKrk5H6yB8oAWGq1jz4BPk73TkcCl?rdid=5N68loum81FNNOW4\" data-saferedirecturl=\"https:\/\/www.google.com\/url?hl=es&amp;q=https:\/\/www.facebook.com\/PrimatureHaiti\/posts\/pfbid02xPaqcqxSTKNnF62HGQ96kDewqgwQpFp5eEpdNKrk5H6yB8oAWGq1jz4BPk73TkcCl?rdid%3D5N68loum81FNNOW4&amp;source=gmail&amp;ust=1788533178918000&amp;usg=AOvVaw2XgLeITAkuWzUCP0mLQrhj\">comunicado<\/a>\u00a0. \u00abPero no nos equivoquemos: este duelo tambi\u00e9n representa un desaf\u00edo. Y en respuesta a este desaf\u00edo, el gobierno responde con la fuerza de la ley y el ejercicio leg\u00edtimo del poder p\u00fablico\u00bb.<\/p>\n<p><a href=\"https:\/\/news.un.org\/en\/story\/2026\/08\/1168203\" data-saferedirecturl=\"https:\/\/www.google.com\/url?hl=es&amp;q=https:\/\/news.un.org\/en\/story\/2026\/08\/1168203&amp;source=gmail&amp;ust=1788533178918000&amp;usg=AOvVaw1VThkrt8zi21i8LTHLW8nG\">Seg\u00fan la ONU<\/a>, Viv Ansam y varias bandas rivales se disputan el control de la capital y han desplazado a m\u00e1s de 18.000 residentes hasta la fecha. Ahora est\u00e1n extendiendo su influencia a las regiones circundantes: Viv Ansam lleva atacando a comunidades agr\u00edcolas cercanas desde 2025.<\/p>\n<p>\u201cEste reciente suceso es un ejemplo m\u00e1s de c\u00f3mo las bandas criminales recurren a asesinatos masivos de civiles para someter a la poblaci\u00f3n local y establecer su autoridad\u201d, declar\u00f3\u00a0<a href=\"https:\/\/acleddata.com\/expert-comment\/haitis-kenscoff-remains-target-deadly-attacks-why-does-continue-happen\" data-saferedirecturl=\"https:\/\/www.google.com\/url?hl=es&amp;q=https:\/\/acleddata.com\/expert-comment\/haitis-kenscoff-remains-target-deadly-attacks-why-does-continue-happen&amp;source=gmail&amp;ust=1788533178918000&amp;usg=AOvVaw2HWolc80gj0mThxsNyF1Br\">Mar\u00eda Fernanda Aroch,<\/a>\u00a0de la organizaci\u00f3n Armed Conflict Location and Event Data (ACLED).<\/p>\n<p>Amnist\u00eda Internacional reaccion\u00f3 ante la tragedia, haciendo un llamamiento al gobierno para que ponga fin a la violencia y aumente la protecci\u00f3n de sus ciudadanos.<\/p>\n<p>\u00abLamentablemente, volvemos a presenciar otra masacre en Hait\u00ed\u00bb,\u00a0<a href=\"https:\/\/www.amnesty.org\/en\/latest\/news\/2026\/08\/haiti-urgen-justicia-y-proteccion-tras-ataque-mortal-de-bandas-armadas-en-kenscoff\/\" data-saferedirecturl=\"https:\/\/www.google.com\/url?hl=es&amp;q=https:\/\/www.amnesty.org\/en\/latest\/news\/2026\/08\/haiti-urgen-justicia-y-proteccion-tras-ataque-mortal-de-bandas-armadas-en-kenscoff\/&amp;source=gmail&amp;ust=1788533178918000&amp;usg=AOvVaw1BrXQsRr9iyYCd-64PP_xU\">declar\u00f3 Astrid Valencia<\/a>\u00a0, subdirectora regional de Investigaci\u00f3n para las Am\u00e9ricas. \u00abInstamos a las autoridades haitianas y a la comunidad internacional a redoblar sus esfuerzos para proteger a la poblaci\u00f3n de la creciente violencia perpetrada por bandas armadas\u00bb.<\/p>\n<p>Mientras el pa\u00eds guarda luto, los cristianos locales se mantienen firmes ante la creciente violencia, ofreciendo esperanza a quienes la han perdido. El arzobispo Thomas Wenski de Miami convers\u00f3 con OSV News y comparti\u00f3 una charla que mantuvo con el arzobispo Max Leroy M\u00e9sidor de Puerto Pr\u00edncipe, presidente de la Conferencia Episcopal Haitiana.<\/p>\n<p>M\u00e9sidor\u00a0<a href=\"https:\/\/www.osvnews.com\/archbishop-urges-us-to-rethink-haiti-deportations-after-mass-kidnapping-massacre\/\" data-saferedirecturl=\"https:\/\/www.google.com\/url?hl=es&amp;q=https:\/\/www.osvnews.com\/archbishop-urges-us-to-rethink-haiti-deportations-after-mass-kidnapping-massacre\/&amp;source=gmail&amp;ust=1788533178918000&amp;usg=AOvVaw0fyE_YnpWFvGqCS6eAiIWc\">declar\u00f3<\/a>: \u00abLa Iglesia debe continuar su misi\u00f3n tanto en los buenos como en los malos tiempos\u00bb.<\/p>\n<p><strong><em>Gracias por leer nuestros contenidos. Si deseas recibir el mail diario con las noticias de ZENIT puedes suscribirte gratuitamente a trav\u00e9s de\u00a0<\/em><\/strong><a href=\"https:\/\/es.zenit.org\/boletin\/\" data-saferedirecturl=\"https:\/\/www.google.com\/url?hl=es&amp;q=https:\/\/es.zenit.org\/boletin\/&amp;source=gmail&amp;ust=1788533178918000&amp;usg=AOvVaw1rA28J_RVOhhn3mz0ttK1m\"><strong><em>este enlace<\/em><\/strong><\/a><strong><em>.<\/em><\/strong><\/p>\n<p><strong><em>\u00a0<\/em><\/strong><\/p>\n<p>&nbsp;<\/p>\n<p>The post <a href=\"https:\/\/es.zenit.org\/2026\/09\/01\/pandilla-ataca-iglesia-y-mata-a-decenas-de-personas-en-haiti\/\">Pandilla ataca iglesia y mata a decenas de personas en Hait\u00ed<\/a> appeared first on <a href=\"https:\/\/es.zenit.org\">ZENIT &#8211; Espanol<\/a>.<\/p>\n","protected":false},"excerpt":{"rendered":"<p>Bella Agnello (ZENIT Noticias \u2013\u00a0Persecution.org\u00a0\/ Puerto Pr\u00edncipe, 01.09.2026).- Entre el 23 y el 24 de agosto, m\u00e1s de 50 personas fueron secuestradas y 47 murieron en un ataque en la comuna de Kenscoff, en Hait\u00ed. Desde las 22:30 hasta la ma\u00f1ana siguiente, la banda de Viv Ansam aterroriz\u00f3 a la comunidad, secuestrando personas e incendiando&#8230;<\/p>\n","protected":false},"author":1,"featured_media":0,"comment_status":"open","ping_status":"open","sticky":false,"template":"","format":"standard","meta":{"footnotes":""},"categories":[1],"tags":[],"class_list":["post-7250","post","type-post","status-publish","format-standard","hentry","category-uncategorized"],"_links":{"self":[{"href":"https:\/\/www.catolicosporlafe.com\/wp\/wp-json\/wp\/v2\/posts\/7250","targetHints":{"allow":["GET"]}}],"collection":[{"href":"https:\/\/www.catolicosporlafe.com\/wp\/wp-json\/wp\/v2\/posts"}],"about":[{"href":"https:\/\/www.catolicosporlafe.com\/wp\/wp-json\/wp\/v2\/types\/post"}],"author":[{"embeddable":true,"href":"https:\/\/www.catolicosporlafe.com\/wp\/wp-json\/wp\/v2\/users\/1"}],"replies":[{"embeddable":true,"href":"https:\/\/www.catolicosporlafe.com\/wp\/wp-json\/wp\/v2\/comments?post=7250"}],"version-history":[{"count":0,"href":"https:\/\/www.catolicosporlafe.com\/wp\/wp-json\/wp\/v2\/posts\/7250\/revisions"}],"wp:attachment":[{"href":"https:\/\/www.catolicosporlafe.com\/wp\/wp-json\/wp\/v2\/media?parent=7250"}],"wp:term":[{"taxonomy":"category","embeddable":true,"href":"https:\/\/www.catolicosporlafe.com\/wp\/wp-json\/wp\/v2\/categories?post=7250"},{"taxonomy":"post_tag","embeddable":true,"href":"https:\/\/www.catolicosporlafe.com\/wp\/wp-json\/wp\/v2\/tags?post=7250"}],"curies":[{"name":"wp","href":"https:\/\/api.w.org\/{rel}","templated":true}]}}